{"id":1051,"date":"2023-07-26T13:14:59","date_gmt":"2023-07-26T18:14:59","guid":{"rendered":"https:\/\/czechoutprague.com\/?p=1051"},"modified":"2023-07-26T14:02:01","modified_gmt":"2023-07-26T19:02:01","slug":"throwback-clip-bbc-cameraman-catches-prague-right-before-68-invasion","status":"publish","type":"post","link":"https:\/\/czechoutprague.com\/cs\/novinky\/throwback-clip-bbc-cameraman-catches-prague-right-before-68-invasion\/","title":{"rendered":"Zp\u011btn\u00fd klip: Kameraman BBC zachytil Prahu t\u011bsn\u011b p\u0159ed invaz\u00ed v roce 68"},"content":{"rendered":"<p>U\u017e v\u00e1s n\u011bkdy zas\u00e1hla vlna optimismu, kter\u00e1 nevydr\u017eela? P\u0159esn\u011b takovou atmosf\u00e9ru vyvol\u00e1v\u00e1 tento klip BBC z doby p\u0159ed 55 lety. <\/p>\n\n\n\n<p>Ukazuje Pra\u017eany, jak \u017eij\u00ed sv\u00e9 \u017eivoty jen n\u011bkolik t\u00fddn\u016f p\u0159ed masivn\u00edm ot\u0159esem, kter\u00fd p\u0159inesla invaze vojsk Var\u0161avsk\u00e9 smlouvy v roce 68.<\/p>\n\n\n\n<figure class=\"wp-block-embed is-type-video is-provider-youtube wp-block-embed-youtube wp-embed-aspect-4-3 wp-has-aspect-ratio\"><div class=\"wp-block-embed__wrapper\">\n<iframe title=\"Zpr\u00e1vy BBC - Praha 22\/07\/1968\" width=\"1194\" height=\"896\" src=\"https:\/\/www.youtube.com\/embed\/3CRRhM550PI?feature=oembed\" frameborder=\"0\" allow=\"accelerometer; autoplay; clipboard-write; encrypted-media; gyroscope; picture-in-picture; web-share\" allowfullscreen><\/iframe>\n<\/div><\/figure>\n\n\n\n<p>Video ukazuje n\u011bkter\u00e1 ikonick\u00e1 m\u00edsta Prahy, v\u010detn\u011b n\u00e1m\u011bst\u00ed Republiky, ulice Na P\u0159\u00edkop\u011b, V\u00e1clavsk\u00e9ho n\u00e1m\u011bst\u00ed, Pra\u017esk\u00e9ho hradu a Karlova mostu. V\u0161ude se to hem\u017e\u00ed turisty, ale ve srovn\u00e1n\u00ed s dne\u0161n\u00edm shonem to st\u00e1le vypad\u00e1 jako klidn\u00e1 proch\u00e1zka.<\/p>\n\n\n\n<p>Kamera zachycuje optimismus m\u00edstn\u00edch obyvatel. T\u011b\u0161\u00ed se na budoucnost s v\u011bt\u0161\u00ed ekonomickou svobodou d\u00edky slibovan\u00fdm reform\u00e1m Pra\u017esk\u00e9ho jara. Lid\u00e9 se rozpl\u00fdvali nad v\u011bt\u0161\u00edm mno\u017estv\u00edm zbo\u017e\u00ed v obchodech, i kdy\u017e Z\u00e1pad byl u\u017e dobr\u00fdch 15 let nap\u0159ed. Vl\u00e1da se stav\u011bla proti Rusku, co\u017e lidem dod\u00e1valo nad\u011bji.<\/p>\n\n\n\n<p>Ve videu hovo\u0159\u00ed report\u00e9r BBC s n\u011bkolika m\u00edstn\u00edmi obyvateli, kte\u0159\u00ed jsou p\u0159\u00edznivci tehdej\u0161\u00edho v\u016fdce Alexandra Dub\u010deka a jeho vize reformy. Cht\u011bli, aby se jejich zem\u011b vymanila ze sov\u011btsk\u00fdch \u0159et\u011bz\u016f. Report\u00e9r tak\u00e9 nazna\u010duje jistou odtr\u017eenost mezi v\u016fdci na Pra\u017esk\u00e9m hrad\u011b a lidmi. S Dub\u010dekem ve sn\u011bmovn\u011b se v\u0161ak o\u010dek\u00e1valo, \u017ee se v\u011bci zm\u011bn\u00ed.<\/p>\n\n\n\n<p>Nezapomenuteln\u00fd je tak\u00e9 rozhovor s p\u0159edstavitelem \u010ceskoslovensk\u00e9 televize, kter\u00fd se nechal sly\u0161et, \u017ee Rusko za\u010d\u00edn\u00e1 b\u00fdt nerv\u00f3zn\u00ed z nov\u011b nabyt\u00e9 svobody tisku. Ukazuje se, \u017ee svoboda otev\u0159en\u011b vyjad\u0159ovat n\u00e1zory byla pro n\u011bkter\u00e9 nov\u00e1 a zneklid\u0148uj\u00edc\u00ed, zejm\u00e9na pro ty, kte\u0159\u00ed byli zvykl\u00ed na vl\u00e1dn\u00ed politiku \"jen my mluv\u00edme\".<\/p>\n\n\n\n<p>Ke konci videa se n\u00e1\u0161 tazatel z BBC trochu zamysl\u00ed. Mluv\u00ed o dilematu \u010ceskoslovenska - cht\u011blo se vyhnout tomu, aby si Rusko zni\u010dilo pe\u0159\u00ed, ale z\u00e1rove\u0148 cht\u011blo z\u016fstat komunistick\u00e9. Dopadnou jako v\u00fdchodn\u00ed N\u011bmecko, prakticky ovl\u00e1dan\u00e9 Ruskem, rozbij\u00ed sv\u00e9 sny jako Polsko, nebo budou vzkv\u00e9tat jako Jugosl\u00e1vie? Vsadil na to, \u017ee Rusko m\u00e1 v rukou kl\u00ed\u010d alespo\u0148 k polovin\u011b odpov\u011bd\u00ed.<\/p>\n\n\n\n<p>Toto video p\u0159ipom\u00edn\u00e1 dal\u0161\u00ed s n\u00e1zvem <a href=\"https:\/\/www.youtube.com\/watch?v=wPd2Jh1YWWo\" target=\"_blank\" rel=\"noreferrer noopener\">\"Praha - smutn\u00e9 m\u011bsto\" od British Path\u00e9<\/a>. Film byl nato\u010den p\u0159ed invaz\u00ed, ale do kin byl uveden pozd\u011bji, a ukazuje m\u011bsto v \u0161oku po ne\u010dekan\u00e9m historick\u00e9m zvratu.<\/p>","protected":false},"excerpt":{"rendered":"<p>Ever been hit with a wave of optimism that just didn&#8217;t last? That&#8217;s exactly the vibe this BBC clip from 55 years ago gives off. It shows the citizens of Prague living their lives, just weeks before the massive shakeup of the &#8217;68 Warsaw Pact invasion. The video shows some of Prague&#8217;s iconic hotspots, including [&hellip;]<\/p>","protected":false},"author":2,"featured_media":1060,"comment_status":"open","ping_status":"open","sticky":false,"template":"","format":"standard","meta":[],"categories":[54],"tags":[],"jetpack_featured_media_url":"https:\/\/czechoutprague.com\/wp-content\/uploads\/2023\/07\/city-of-prague-in-1968-right-before-warsaw-pact-invasion.jpg","_links":{"self":[{"href":"https:\/\/czechoutprague.com\/cs\/wp-json\/wp\/v2\/posts\/1051"}],"collection":[{"href":"https:\/\/czechoutprague.com\/cs\/wp-json\/wp\/v2\/posts"}],"about":[{"href":"https:\/\/czechoutprague.com\/cs\/wp-json\/wp\/v2\/types\/post"}],"author":[{"embeddable":true,"href":"https:\/\/czechoutprague.com\/cs\/wp-json\/wp\/v2\/users\/2"}],"replies":[{"embeddable":true,"href":"https:\/\/czechoutprague.com\/cs\/wp-json\/wp\/v2\/comments?post=1051"}],"version-history":[{"count":4,"href":"https:\/\/czechoutprague.com\/cs\/wp-json\/wp\/v2\/posts\/1051\/revisions"}],"predecessor-version":[{"id":1063,"href":"https:\/\/czechoutprague.com\/cs\/wp-json\/wp\/v2\/posts\/1051\/revisions\/1063"}],"wp:featuredmedia":[{"embeddable":true,"href":"https:\/\/czechoutprague.com\/cs\/wp-json\/wp\/v2\/media\/1060"}],"wp:attachment":[{"href":"https:\/\/czechoutprague.com\/cs\/wp-json\/wp\/v2\/media?parent=1051"}],"wp:term":[{"taxonomy":"category","embeddable":true,"href":"https:\/\/czechoutprague.com\/cs\/wp-json\/wp\/v2\/categories?post=1051"},{"taxonomy":"post_tag","embeddable":true,"href":"https:\/\/czechoutprague.com\/cs\/wp-json\/wp\/v2\/tags?post=1051"}],"curies":[{"name":"wp","href":"https:\/\/api.w.org\/{rel}","templated":true}]}}